{"id":1642,"date":"2026-08-16T07:04:39","date_gmt":"2026-08-16T07:04:39","guid":{"rendered":"https:\/\/hsvnnews.se\/?p=1642"},"modified":"2026-08-27T07:33:38","modified_gmt":"2026-08-27T07:33:38","slug":"vard-och-omsorgsboende-i-kungsbacka-utvidgar","status":"publish","type":"post","link":"https:\/\/hsvnnews.se\/en\/vard-och-omsorgsboende-i-kungsbacka-utvidgar\/","title":{"rendered":"V\u00e5rd- och omsorgsboende utvidgar"},"content":{"rendered":"<div class=\"wp-block-media-text is-stacked-on-mobile\"><figure class=\"wp-block-media-text__media\"><img loading=\"lazy\" decoding=\"async\" width=\"300\" height=\"175\" src=\"https:\/\/hsvnnews.se\/wp-content\/uploads\/2026\/08\/Signeshus-aldreboende-foto-Madeleine-Thyrsson-300x175.webp\" alt=\"\" class=\"wp-image-1623 size-medium\"\/><\/figure><div class=\"wp-block-media-text__content\">\n<h4 class=\"wp-block-heading\">V\u00e5rd- och omsorgsboende i Kungsbacka bygger ut<\/h4>\n\n\n\n<p class=\"wp-block-paragraph\">Den 31 augusti invigs den andra och sista etappen av Signeshus v\u00e5rd- och omsorgsboende i Kungsbacka<\/p>\n\n\n\n<p class=\"wp-block-paragraph\">V\u00e5rdboendet \u00f6ppnades i april i \u00e5r (40 l\u00e4genheter). Totalt antal l\u00e4genheter:<\/p>\n\n\n\n<p class=\"wp-block-paragraph\">Syfte: st\u00e4rka kommunens m\u00f6jligheter att m\u00f6ta behovet av v\u00e5rd- och omsorgsboende. Fler personer som har beslut om v\u00e5rd- och omsorgsboende kan erbjudas en l\u00e4genhet, inte minst personer med kognitiv svikt.<\/p>\n\n\n\n<p class=\"wp-block-paragraph\">Signeshus har tio avdelningar: sju f\u00f6r personer med kognitiv svikt, en f\u00f6r yngre personer med demenssjukdom och tv\u00e5 med somatisk inriktning.<\/p>\n<\/div><\/div>","protected":false},"excerpt":{"rendered":"<p>V\u00e5rd- och omsorgsboende i Kungsbacka bygger ut Den 31 augusti invigs den andra och sista etappen av Signeshus v\u00e5rd- och omsorgsboende i Kungsbacka V\u00e5rdboendet \u00f6ppnades i april i \u00e5r (40 [&hellip;]<\/p>\n","protected":false},"author":1,"featured_media":2121,"comment_status":"closed","ping_status":"closed","sticky":false,"template":"","format":"standard","meta":{"footnotes":""},"categories":[90,11,137,10],"tags":[],"class_list":["post-1642","post","type-post","status-publish","format-standard","has-post-thumbnail","hentry","category-aldrevard","category-kommuner","category-vard-och-omsorgsboende","category-vardverksamheter"],"yoast_head":"<!-- This site is optimized with the Yoast SEO plugin v28.4 - https:\/\/yoast.com\/product\/yoast-seo-wordpress\/ -->\n<title>V\u00e5rd- och omsorgsboende utvidgar -<\/title>\n<meta name=\"robots\" content=\"index, follow, max-snippet:-1, max-image-preview:large, max-video-preview:-1\" \/>\n<link rel=\"canonical\" href=\"https:\/\/hsvnnews.se\/en\/vard-och-omsorgsboende-i-kungsbacka-utvidgar\/\" \/>\n<meta property=\"og:locale\" content=\"en_GB\" \/>\n<meta property=\"og:type\" content=\"article\" \/>\n<meta property=\"og:title\" content=\"V\u00e5rd- och omsorgsboende utvidgar -\" \/>\n<meta property=\"og:description\" content=\"V\u00e5rd- och omsorgsboende i Kungsbacka bygger ut Den 31 augusti invigs den andra och sista etappen av Signeshus v\u00e5rd- och omsorgsboende i Kungsbacka V\u00e5rdboendet \u00f6ppnades i april i \u00e5r (40 [&hellip;]\" \/>\n<meta property=\"og:url\" content=\"https:\/\/hsvnnews.se\/en\/vard-och-omsorgsboende-i-kungsbacka-utvidgar\/\" \/>\n<meta property=\"article:published_time\" content=\"2026-08-16T07:04:39+00:00\" \/>\n<meta property=\"article:modified_time\" content=\"2026-08-27T07:33:38+00:00\" \/>\n<meta property=\"og:image\" content=\"https:\/\/hsvnnews.se\/wp-content\/uploads\/2026\/08\/Signeshus-aldreboende-foto-Madeleine-Thyrsson.jpg\" \/>\n\t<meta property=\"og:image:width\" content=\"465\" \/>\n\t<meta property=\"og:image:height\" content=\"449\" \/>\n\t<meta property=\"og:image:type\" content=\"image\/jpeg\" \/>\n<meta name=\"author\" content=\"admin_ddtw2et4\" \/>\n<meta name=\"twitter:card\" content=\"summary_large_image\" \/>\n<meta name=\"twitter:label1\" content=\"Written by\" \/>\n\t<meta name=\"twitter:data1\" content=\"admin_ddtw2et4\" \/>\n\t<meta name=\"twitter:label2\" content=\"Estimated reading time\" \/>\n\t<meta name=\"twitter:data2\" content=\"1 minute\" \/>\n<script type=\"application\/ld+json\" class=\"yoast-schema-graph\">{\"@context\":\"https:\\\/\\\/schema.org\",\"@graph\":[{\"@type\":\"Article\",\"@id\":\"https:\\\/\\\/hsvnnews.se\\\/vard-och-omsorgsboende-i-kungsbacka-utvidgar\\\/#article\",\"isPartOf\":{\"@id\":\"https:\\\/\\\/hsvnnews.se\\\/vard-och-omsorgsboende-i-kungsbacka-utvidgar\\\/\"},\"author\":{\"name\":\"admin_ddtw2et4\",\"@id\":\"https:\\\/\\\/hsvnnews.se\\\/#\\\/schema\\\/person\\\/91dc4d95e848d116039223c365383f80\"},\"headline\":\"V\u00e5rd- och omsorgsboende utvidgar\",\"datePublished\":\"2026-08-16T07:04:39+00:00\",\"dateModified\":\"2026-08-27T07:33:38+00:00\",\"mainEntityOfPage\":{\"@id\":\"https:\\\/\\\/hsvnnews.se\\\/vard-och-omsorgsboende-i-kungsbacka-utvidgar\\\/\"},\"wordCount\":101,\"publisher\":{\"@id\":\"https:\\\/\\\/hsvnnews.se\\\/#organization\"},\"image\":{\"@id\":\"https:\\\/\\\/hsvnnews.se\\\/vard-och-omsorgsboende-i-kungsbacka-utvidgar\\\/#primaryimage\"},\"thumbnailUrl\":\"https:\\\/\\\/hsvnnews.se\\\/wp-content\\\/uploads\\\/2026\\\/08\\\/Signeshus-aldreboende-foto-Madeleine-Thyrsson.jpg\",\"articleSection\":[\"\u00c4ldrev\u00e5rd\",\"Kommuner\",\"V\u00e5rd- och omsorgsboende\",\"V\u00e5rdverksamheter\"],\"inLanguage\":\"en-GB\"},{\"@type\":\"WebPage\",\"@id\":\"https:\\\/\\\/hsvnnews.se\\\/vard-och-omsorgsboende-i-kungsbacka-utvidgar\\\/\",\"url\":\"https:\\\/\\\/hsvnnews.se\\\/vard-och-omsorgsboende-i-kungsbacka-utvidgar\\\/\",\"name\":\"V\u00e5rd- och omsorgsboende utvidgar -\",\"isPartOf\":{\"@id\":\"https:\\\/\\\/hsvnnews.se\\\/#website\"},\"primaryImageOfPage\":{\"@id\":\"https:\\\/\\\/hsvnnews.se\\\/vard-och-omsorgsboende-i-kungsbacka-utvidgar\\\/#primaryimage\"},\"image\":{\"@id\":\"https:\\\/\\\/hsvnnews.se\\\/vard-och-omsorgsboende-i-kungsbacka-utvidgar\\\/#primaryimage\"},\"thumbnailUrl\":\"https:\\\/\\\/hsvnnews.se\\\/wp-content\\\/uploads\\\/2026\\\/08\\\/Signeshus-aldreboende-foto-Madeleine-Thyrsson.jpg\",\"datePublished\":\"2026-08-16T07:04:39+00:00\",\"dateModified\":\"2026-08-27T07:33:38+00:00\",\"breadcrumb\":{\"@id\":\"https:\\\/\\\/hsvnnews.se\\\/vard-och-omsorgsboende-i-kungsbacka-utvidgar\\\/#breadcrumb\"},\"inLanguage\":\"en-GB\",\"potentialAction\":[{\"@type\":\"ReadAction\",\"target\":[\"https:\\\/\\\/hsvnnews.se\\\/vard-och-omsorgsboende-i-kungsbacka-utvidgar\\\/\"]}]},{\"@type\":\"ImageObject\",\"inLanguage\":\"en-GB\",\"@id\":\"https:\\\/\\\/hsvnnews.se\\\/vard-och-omsorgsboende-i-kungsbacka-utvidgar\\\/#primaryimage\",\"url\":\"https:\\\/\\\/hsvnnews.se\\\/wp-content\\\/uploads\\\/2026\\\/08\\\/Signeshus-aldreboende-foto-Madeleine-Thyrsson.jpg\",\"contentUrl\":\"https:\\\/\\\/hsvnnews.se\\\/wp-content\\\/uploads\\\/2026\\\/08\\\/Signeshus-aldreboende-foto-Madeleine-Thyrsson.jpg\",\"width\":465,\"height\":449,\"caption\":\"Foto: Madeleine Thyrsson\"},{\"@type\":\"BreadcrumbList\",\"@id\":\"https:\\\/\\\/hsvnnews.se\\\/vard-och-omsorgsboende-i-kungsbacka-utvidgar\\\/#breadcrumb\",\"itemListElement\":[{\"@type\":\"ListItem\",\"position\":1,\"name\":\"Hem\",\"item\":\"https:\\\/\\\/hsvnnews.se\\\/\"},{\"@type\":\"ListItem\",\"position\":2,\"name\":\"V\u00e5rd- och omsorgsboende utvidgar\"}]},{\"@type\":\"WebSite\",\"@id\":\"https:\\\/\\\/hsvnnews.se\\\/#website\",\"url\":\"https:\\\/\\\/hsvnnews.se\\\/\",\"name\":\"Nyheter och information om utveckling inom h\u00e4lso- och sjukv\u00e5rden\",\"description\":\"F\u00f6r dig som utvecklar utifr\u00e5n patientbehov\",\"publisher\":{\"@id\":\"https:\\\/\\\/hsvnnews.se\\\/#organization\"},\"potentialAction\":[{\"@type\":\"SearchAction\",\"target\":{\"@type\":\"EntryPoint\",\"urlTemplate\":\"https:\\\/\\\/hsvnnews.se\\\/?s={search_term_string}\"},\"query-input\":{\"@type\":\"PropertyValueSpecification\",\"valueRequired\":true,\"valueName\":\"search_term_string\"}}],\"inLanguage\":\"en-GB\"},{\"@type\":\"Organization\",\"@id\":\"https:\\\/\\\/hsvnnews.se\\\/#organization\",\"name\":\"HSVN news\",\"url\":\"https:\\\/\\\/hsvnnews.se\\\/\",\"logo\":{\"@type\":\"ImageObject\",\"inLanguage\":\"en-GB\",\"@id\":\"https:\\\/\\\/hsvnnews.se\\\/#\\\/schema\\\/logo\\\/image\\\/\",\"url\":\"https:\\\/\\\/hsvnnews.se\\\/wp-content\\\/uploads\\\/2026\\\/08\\\/cropped-ChatGPT-Image-31-aug.-2026-17_08_28.png\",\"contentUrl\":\"https:\\\/\\\/hsvnnews.se\\\/wp-content\\\/uploads\\\/2026\\\/08\\\/cropped-ChatGPT-Image-31-aug.-2026-17_08_28.png\",\"width\":1982,\"height\":368,\"caption\":\"HSVN news\"},\"image\":{\"@id\":\"https:\\\/\\\/hsvnnews.se\\\/#\\\/schema\\\/logo\\\/image\\\/\"},\"sameAs\":[\"https:\\\/\\\/www.linkedin.com\\\/showcase\\\/hsvn-news\"]},{\"@type\":\"Person\",\"@id\":\"https:\\\/\\\/hsvnnews.se\\\/#\\\/schema\\\/person\\\/91dc4d95e848d116039223c365383f80\",\"name\":\"admin_ddtw2et4\",\"sameAs\":[\"https:\\\/\\\/hsvnnews.se\"],\"url\":\"https:\\\/\\\/hsvnnews.se\\\/en\\\/author\\\/admin_ddtw2et4\\\/\"}]}<\/script>\n<!-- \/ Yoast SEO plugin. -->","yoast_head_json":{"title":"V\u00e5rd- och omsorgsboende utvidgar -","robots":{"index":"index","follow":"follow","max-snippet":"max-snippet:-1","max-image-preview":"max-image-preview:large","max-video-preview":"max-video-preview:-1"},"canonical":"https:\/\/hsvnnews.se\/en\/vard-och-omsorgsboende-i-kungsbacka-utvidgar\/","og_locale":"en_GB","og_type":"article","og_title":"V\u00e5rd- och omsorgsboende utvidgar -","og_description":"V\u00e5rd- och omsorgsboende i Kungsbacka bygger ut Den 31 augusti invigs den andra och sista etappen av Signeshus v\u00e5rd- och omsorgsboende i Kungsbacka V\u00e5rdboendet \u00f6ppnades i april i \u00e5r (40 [&hellip;]","og_url":"https:\/\/hsvnnews.se\/en\/vard-och-omsorgsboende-i-kungsbacka-utvidgar\/","article_published_time":"2026-08-16T07:04:39+00:00","article_modified_time":"2026-08-27T07:33:38+00:00","og_image":[{"width":465,"height":449,"url":"https:\/\/hsvnnews.se\/wp-content\/uploads\/2026\/08\/Signeshus-aldreboende-foto-Madeleine-Thyrsson.jpg","type":"image\/jpeg"}],"author":"admin_ddtw2et4","twitter_card":"summary_large_image","twitter_misc":{"Written by":"admin_ddtw2et4","Estimated reading time":"1 minute"},"schema":{"@context":"https:\/\/schema.org","@graph":[{"@type":"Article","@id":"https:\/\/hsvnnews.se\/vard-och-omsorgsboende-i-kungsbacka-utvidgar\/#article","isPartOf":{"@id":"https:\/\/hsvnnews.se\/vard-och-omsorgsboende-i-kungsbacka-utvidgar\/"},"author":{"name":"admin_ddtw2et4","@id":"https:\/\/hsvnnews.se\/#\/schema\/person\/91dc4d95e848d116039223c365383f80"},"headline":"V\u00e5rd- och omsorgsboende utvidgar","datePublished":"2026-08-16T07:04:39+00:00","dateModified":"2026-08-27T07:33:38+00:00","mainEntityOfPage":{"@id":"https:\/\/hsvnnews.se\/vard-och-omsorgsboende-i-kungsbacka-utvidgar\/"},"wordCount":101,"publisher":{"@id":"https:\/\/hsvnnews.se\/#organization"},"image":{"@id":"https:\/\/hsvnnews.se\/vard-och-omsorgsboende-i-kungsbacka-utvidgar\/#primaryimage"},"thumbnailUrl":"https:\/\/hsvnnews.se\/wp-content\/uploads\/2026\/08\/Signeshus-aldreboende-foto-Madeleine-Thyrsson.jpg","articleSection":["\u00c4ldrev\u00e5rd","Kommuner","V\u00e5rd- och omsorgsboende","V\u00e5rdverksamheter"],"inLanguage":"en-GB"},{"@type":"WebPage","@id":"https:\/\/hsvnnews.se\/vard-och-omsorgsboende-i-kungsbacka-utvidgar\/","url":"https:\/\/hsvnnews.se\/vard-och-omsorgsboende-i-kungsbacka-utvidgar\/","name":"V\u00e5rd- och omsorgsboende utvidgar -","isPartOf":{"@id":"https:\/\/hsvnnews.se\/#website"},"primaryImageOfPage":{"@id":"https:\/\/hsvnnews.se\/vard-och-omsorgsboende-i-kungsbacka-utvidgar\/#primaryimage"},"image":{"@id":"https:\/\/hsvnnews.se\/vard-och-omsorgsboende-i-kungsbacka-utvidgar\/#primaryimage"},"thumbnailUrl":"https:\/\/hsvnnews.se\/wp-content\/uploads\/2026\/08\/Signeshus-aldreboende-foto-Madeleine-Thyrsson.jpg","datePublished":"2026-08-16T07:04:39+00:00","dateModified":"2026-08-27T07:33:38+00:00","breadcrumb":{"@id":"https:\/\/hsvnnews.se\/vard-och-omsorgsboende-i-kungsbacka-utvidgar\/#breadcrumb"},"inLanguage":"en-GB","potentialAction":[{"@type":"ReadAction","target":["https:\/\/hsvnnews.se\/vard-och-omsorgsboende-i-kungsbacka-utvidgar\/"]}]},{"@type":"ImageObject","inLanguage":"en-GB","@id":"https:\/\/hsvnnews.se\/vard-och-omsorgsboende-i-kungsbacka-utvidgar\/#primaryimage","url":"https:\/\/hsvnnews.se\/wp-content\/uploads\/2026\/08\/Signeshus-aldreboende-foto-Madeleine-Thyrsson.jpg","contentUrl":"https:\/\/hsvnnews.se\/wp-content\/uploads\/2026\/08\/Signeshus-aldreboende-foto-Madeleine-Thyrsson.jpg","width":465,"height":449,"caption":"Foto: Madeleine Thyrsson"},{"@type":"BreadcrumbList","@id":"https:\/\/hsvnnews.se\/vard-och-omsorgsboende-i-kungsbacka-utvidgar\/#breadcrumb","itemListElement":[{"@type":"ListItem","position":1,"name":"Hem","item":"https:\/\/hsvnnews.se\/"},{"@type":"ListItem","position":2,"name":"V\u00e5rd- och omsorgsboende utvidgar"}]},{"@type":"WebSite","@id":"https:\/\/hsvnnews.se\/#website","url":"https:\/\/hsvnnews.se\/","name":"Nyheter och information om utveckling inom h\u00e4lso- och sjukv\u00e5rden","description":"F\u00f6r dig som utvecklar utifr\u00e5n patientbehov","publisher":{"@id":"https:\/\/hsvnnews.se\/#organization"},"potentialAction":[{"@type":"SearchAction","target":{"@type":"EntryPoint","urlTemplate":"https:\/\/hsvnnews.se\/?s={search_term_string}"},"query-input":{"@type":"PropertyValueSpecification","valueRequired":true,"valueName":"search_term_string"}}],"inLanguage":"en-GB"},{"@type":"Organization","@id":"https:\/\/hsvnnews.se\/#organization","name":"HSVN news","url":"https:\/\/hsvnnews.se\/","logo":{"@type":"ImageObject","inLanguage":"en-GB","@id":"https:\/\/hsvnnews.se\/#\/schema\/logo\/image\/","url":"https:\/\/hsvnnews.se\/wp-content\/uploads\/2026\/08\/cropped-ChatGPT-Image-31-aug.-2026-17_08_28.png","contentUrl":"https:\/\/hsvnnews.se\/wp-content\/uploads\/2026\/08\/cropped-ChatGPT-Image-31-aug.-2026-17_08_28.png","width":1982,"height":368,"caption":"HSVN news"},"image":{"@id":"https:\/\/hsvnnews.se\/#\/schema\/logo\/image\/"},"sameAs":["https:\/\/www.linkedin.com\/showcase\/hsvn-news"]},{"@type":"Person","@id":"https:\/\/hsvnnews.se\/#\/schema\/person\/91dc4d95e848d116039223c365383f80","name":"admin_ddtw2et4","sameAs":["https:\/\/hsvnnews.se"],"url":"https:\/\/hsvnnews.se\/en\/author\/admin_ddtw2et4\/"}]}},"jetpack_featured_media_url":"https:\/\/hsvnnews.se\/wp-content\/uploads\/2026\/08\/Signeshus-aldreboende-foto-Madeleine-Thyrsson.jpg","_links":{"self":[{"href":"https:\/\/hsvnnews.se\/en\/wp-json\/wp\/v2\/posts\/1642","targetHints":{"allow":["GET"]}}],"collection":[{"href":"https:\/\/hsvnnews.se\/en\/wp-json\/wp\/v2\/posts"}],"about":[{"href":"https:\/\/hsvnnews.se\/en\/wp-json\/wp\/v2\/types\/post"}],"author":[{"embeddable":true,"href":"https:\/\/hsvnnews.se\/en\/wp-json\/wp\/v2\/users\/1"}],"replies":[{"embeddable":true,"href":"https:\/\/hsvnnews.se\/en\/wp-json\/wp\/v2\/comments?post=1642"}],"version-history":[{"count":2,"href":"https:\/\/hsvnnews.se\/en\/wp-json\/wp\/v2\/posts\/1642\/revisions"}],"predecessor-version":[{"id":2120,"href":"https:\/\/hsvnnews.se\/en\/wp-json\/wp\/v2\/posts\/1642\/revisions\/2120"}],"wp:featuredmedia":[{"embeddable":true,"href":"https:\/\/hsvnnews.se\/en\/wp-json\/wp\/v2\/media\/2121"}],"wp:attachment":[{"href":"https:\/\/hsvnnews.se\/en\/wp-json\/wp\/v2\/media?parent=1642"}],"wp:term":[{"taxonomy":"category","embeddable":true,"href":"https:\/\/hsvnnews.se\/en\/wp-json\/wp\/v2\/categories?post=1642"},{"taxonomy":"post_tag","embeddable":true,"href":"https:\/\/hsvnnews.se\/en\/wp-json\/wp\/v2\/tags?post=1642"}],"curies":[{"name":"wp","href":"https:\/\/api.w.org\/{rel}","templated":true}]}}