{"id":2362,"date":"2026-08-30T11:53:24","date_gmt":"2026-08-30T11:53:24","guid":{"rendered":"https:\/\/hsvnnews.se\/?p=2362"},"modified":"2026-08-30T11:54:27","modified_gmt":"2026-08-30T11:54:27","slug":"sodersjukhuset-har-oppnat-nya-vardavdelningar","status":"publish","type":"post","link":"https:\/\/hsvnnews.se\/en\/sodersjukhuset-har-oppnat-nya-vardavdelningar\/","title":{"rendered":"S\u00f6dersjukhuset har \u00f6ppnat nya v\u00e5rdavdelningar"},"content":{"rendered":"<h1 class=\"wp-block-heading\"><\/h1>\n\n\n\n<p class=\"wp-block-paragraph\">I f\u00f6rra veckan, den 27 augusti 2026, invigde S\u00f6dersjukhuset nya v\u00e5rdavdelningar.<\/p>\n\n\n\n<p class=\"wp-block-paragraph\">Ombyggnadsprojektet har p\u00e5g\u00e5tt sedan 2022 och resulterat i att sjukhuset \u00f6ppnar 168 enpatientrum och en ny uppdaterade teknisk utrustning. Lokalerna har ocks\u00e5 utsmyckats med hj\u00e4lp av konstn\u00e4rers verk som i sin tur har h\u00e4mtat inspiration fr\u00e5n natt och ljus.<\/p>\n\n\n\n<p class=\"wp-block-paragraph\">Syftet var att m\u00f6ta dagens krav p\u00e5 patients\u00e4kerhet, v\u00e5rdhygien, tillg\u00e4nglighet och arbetsmilj\u00f6.<\/p>\n\n\n\n<p class=\"wp-block-paragraph\">I lokalerna finns nu avdelningar f\u00f6r internmedicin, kirurgi, kardiologi, urologi och Sachsska barn- och ungdomssjukhuset. <\/p>\n\n\n\n<p class=\"wp-block-paragraph\">\u2013 Invigningen av byggnad 17 och 18 markerar en viktig milstolpe f\u00f6r S\u00f6dersjukhuset och f\u00f6r h\u00e4lso- och sjukv\u00e5rden i Region Stockholm. Genom att forts\u00e4tta f\u00f6rnya och utveckla v\u00e5rdbyggnaderna m\u00f6ter vi b\u00e5de framtidens v\u00e5rdbehov och st\u00e4rker arbetsmilj\u00f6n f\u00f6r v\u00e5rdpersonalen, s\u00e4ger Jens Sj\u00f6str\u00f6m, styrelseordf\u00f6rande i Locum.<\/p>\n\n\n\n<p class=\"wp-block-paragraph\"><\/p>","protected":false},"excerpt":{"rendered":"<p>I f\u00f6rra veckan, den 27 augusti 2026, invigde S\u00f6dersjukhuset nya v\u00e5rdavdelningar. Ombyggnadsprojektet har p\u00e5g\u00e5tt sedan 2022 och resulterat i att sjukhuset \u00f6ppnar 168 enpatientrum och en ny uppdaterade teknisk utrustning. [&hellip;]<\/p>\n","protected":false},"author":1,"featured_media":2363,"comment_status":"closed","ping_status":"open","sticky":false,"template":"","format":"standard","meta":{"footnotes":""},"categories":[10],"tags":[],"class_list":["post-2362","post","type-post","status-publish","format-standard","has-post-thumbnail","hentry","category-vardverksamheter"],"yoast_head":"<!-- This site is optimized with the Yoast SEO plugin v28.4 - https:\/\/yoast.com\/product\/yoast-seo-wordpress\/ -->\n<title>S\u00f6dersjukhuset har \u00f6ppnat nya v\u00e5rdavdelningar -<\/title>\n<meta name=\"robots\" content=\"index, follow, max-snippet:-1, max-image-preview:large, max-video-preview:-1\" \/>\n<link rel=\"canonical\" href=\"https:\/\/hsvnnews.se\/en\/sodersjukhuset-har-oppnat-nya-vardavdelningar\/\" \/>\n<meta property=\"og:locale\" content=\"en_GB\" \/>\n<meta property=\"og:type\" content=\"article\" \/>\n<meta property=\"og:title\" content=\"S\u00f6dersjukhuset har \u00f6ppnat nya v\u00e5rdavdelningar -\" \/>\n<meta property=\"og:description\" content=\"I f\u00f6rra veckan, den 27 augusti 2026, invigde S\u00f6dersjukhuset nya v\u00e5rdavdelningar. Ombyggnadsprojektet har p\u00e5g\u00e5tt sedan 2022 och resulterat i att sjukhuset \u00f6ppnar 168 enpatientrum och en ny uppdaterade teknisk utrustning. [&hellip;]\" \/>\n<meta property=\"og:url\" content=\"https:\/\/hsvnnews.se\/en\/sodersjukhuset-har-oppnat-nya-vardavdelningar\/\" \/>\n<meta property=\"article:published_time\" content=\"2026-08-30T11:53:24+00:00\" \/>\n<meta property=\"article:modified_time\" content=\"2026-08-30T11:54:27+00:00\" \/>\n<meta property=\"og:image\" content=\"https:\/\/hsvnnews.se\/wp-content\/uploads\/2026\/08\/Invigning-sodersjukhuset_17_18.jpg\" \/>\n\t<meta property=\"og:image:width\" content=\"1539\" \/>\n\t<meta property=\"og:image:height\" content=\"1022\" \/>\n\t<meta property=\"og:image:type\" content=\"image\/jpeg\" \/>\n<meta name=\"author\" content=\"admin_ddtw2et4\" \/>\n<meta name=\"twitter:card\" content=\"summary_large_image\" \/>\n<meta name=\"twitter:label1\" content=\"Written by\" \/>\n\t<meta name=\"twitter:data1\" content=\"admin_ddtw2et4\" \/>\n\t<meta name=\"twitter:label2\" content=\"Estimated reading time\" \/>\n\t<meta name=\"twitter:data2\" content=\"1 minute\" \/>\n<script type=\"application\/ld+json\" class=\"yoast-schema-graph\">{\"@context\":\"https:\\\/\\\/schema.org\",\"@graph\":[{\"@type\":\"Article\",\"@id\":\"https:\\\/\\\/hsvnnews.se\\\/sodersjukhuset-har-oppnat-nya-vardavdelningar\\\/#article\",\"isPartOf\":{\"@id\":\"https:\\\/\\\/hsvnnews.se\\\/sodersjukhuset-har-oppnat-nya-vardavdelningar\\\/\"},\"author\":{\"name\":\"admin_ddtw2et4\",\"@id\":\"https:\\\/\\\/hsvnnews.se\\\/#\\\/schema\\\/person\\\/91dc4d95e848d116039223c365383f80\"},\"headline\":\"S\u00f6dersjukhuset har \u00f6ppnat nya v\u00e5rdavdelningar\",\"datePublished\":\"2026-08-30T11:53:24+00:00\",\"dateModified\":\"2026-08-30T11:54:27+00:00\",\"mainEntityOfPage\":{\"@id\":\"https:\\\/\\\/hsvnnews.se\\\/sodersjukhuset-har-oppnat-nya-vardavdelningar\\\/\"},\"wordCount\":154,\"publisher\":{\"@id\":\"https:\\\/\\\/hsvnnews.se\\\/#organization\"},\"image\":{\"@id\":\"https:\\\/\\\/hsvnnews.se\\\/sodersjukhuset-har-oppnat-nya-vardavdelningar\\\/#primaryimage\"},\"thumbnailUrl\":\"https:\\\/\\\/hsvnnews.se\\\/wp-content\\\/uploads\\\/2026\\\/08\\\/Invigning-sodersjukhuset_17_18.jpg\",\"articleSection\":[\"V\u00e5rdverksamheter\"],\"inLanguage\":\"en-GB\"},{\"@type\":\"WebPage\",\"@id\":\"https:\\\/\\\/hsvnnews.se\\\/sodersjukhuset-har-oppnat-nya-vardavdelningar\\\/\",\"url\":\"https:\\\/\\\/hsvnnews.se\\\/sodersjukhuset-har-oppnat-nya-vardavdelningar\\\/\",\"name\":\"S\u00f6dersjukhuset har \u00f6ppnat nya v\u00e5rdavdelningar -\",\"isPartOf\":{\"@id\":\"https:\\\/\\\/hsvnnews.se\\\/#website\"},\"primaryImageOfPage\":{\"@id\":\"https:\\\/\\\/hsvnnews.se\\\/sodersjukhuset-har-oppnat-nya-vardavdelningar\\\/#primaryimage\"},\"image\":{\"@id\":\"https:\\\/\\\/hsvnnews.se\\\/sodersjukhuset-har-oppnat-nya-vardavdelningar\\\/#primaryimage\"},\"thumbnailUrl\":\"https:\\\/\\\/hsvnnews.se\\\/wp-content\\\/uploads\\\/2026\\\/08\\\/Invigning-sodersjukhuset_17_18.jpg\",\"datePublished\":\"2026-08-30T11:53:24+00:00\",\"dateModified\":\"2026-08-30T11:54:27+00:00\",\"breadcrumb\":{\"@id\":\"https:\\\/\\\/hsvnnews.se\\\/sodersjukhuset-har-oppnat-nya-vardavdelningar\\\/#breadcrumb\"},\"inLanguage\":\"en-GB\",\"potentialAction\":[{\"@type\":\"ReadAction\",\"target\":[\"https:\\\/\\\/hsvnnews.se\\\/sodersjukhuset-har-oppnat-nya-vardavdelningar\\\/\"]}]},{\"@type\":\"ImageObject\",\"inLanguage\":\"en-GB\",\"@id\":\"https:\\\/\\\/hsvnnews.se\\\/sodersjukhuset-har-oppnat-nya-vardavdelningar\\\/#primaryimage\",\"url\":\"https:\\\/\\\/hsvnnews.se\\\/wp-content\\\/uploads\\\/2026\\\/08\\\/Invigning-sodersjukhuset_17_18.jpg\",\"contentUrl\":\"https:\\\/\\\/hsvnnews.se\\\/wp-content\\\/uploads\\\/2026\\\/08\\\/Invigning-sodersjukhuset_17_18.jpg\",\"width\":1539,\"height\":1022,\"caption\":\"Invigning av nya v\u00e5rdavdelningar p\u00e5 S\u00f6dersjukhuset den 27 augusti 2026\"},{\"@type\":\"BreadcrumbList\",\"@id\":\"https:\\\/\\\/hsvnnews.se\\\/sodersjukhuset-har-oppnat-nya-vardavdelningar\\\/#breadcrumb\",\"itemListElement\":[{\"@type\":\"ListItem\",\"position\":1,\"name\":\"Hem\",\"item\":\"https:\\\/\\\/hsvnnews.se\\\/\"},{\"@type\":\"ListItem\",\"position\":2,\"name\":\"S\u00f6dersjukhuset har \u00f6ppnat nya v\u00e5rdavdelningar\"}]},{\"@type\":\"WebSite\",\"@id\":\"https:\\\/\\\/hsvnnews.se\\\/#website\",\"url\":\"https:\\\/\\\/hsvnnews.se\\\/\",\"name\":\"Nyheter och information om utveckling inom h\u00e4lso- och sjukv\u00e5rden\",\"description\":\"F\u00f6r dig som utvecklar utifr\u00e5n patientbehov\",\"publisher\":{\"@id\":\"https:\\\/\\\/hsvnnews.se\\\/#organization\"},\"potentialAction\":[{\"@type\":\"SearchAction\",\"target\":{\"@type\":\"EntryPoint\",\"urlTemplate\":\"https:\\\/\\\/hsvnnews.se\\\/?s={search_term_string}\"},\"query-input\":{\"@type\":\"PropertyValueSpecification\",\"valueRequired\":true,\"valueName\":\"search_term_string\"}}],\"inLanguage\":\"en-GB\"},{\"@type\":\"Organization\",\"@id\":\"https:\\\/\\\/hsvnnews.se\\\/#organization\",\"name\":\"HSVN news\",\"url\":\"https:\\\/\\\/hsvnnews.se\\\/\",\"logo\":{\"@type\":\"ImageObject\",\"inLanguage\":\"en-GB\",\"@id\":\"https:\\\/\\\/hsvnnews.se\\\/#\\\/schema\\\/logo\\\/image\\\/\",\"url\":\"https:\\\/\\\/hsvnnews.se\\\/wp-content\\\/uploads\\\/2026\\\/08\\\/cropped-ChatGPT-Image-31-aug.-2026-17_08_28.png\",\"contentUrl\":\"https:\\\/\\\/hsvnnews.se\\\/wp-content\\\/uploads\\\/2026\\\/08\\\/cropped-ChatGPT-Image-31-aug.-2026-17_08_28.png\",\"width\":1982,\"height\":368,\"caption\":\"HSVN news\"},\"image\":{\"@id\":\"https:\\\/\\\/hsvnnews.se\\\/#\\\/schema\\\/logo\\\/image\\\/\"},\"sameAs\":[\"https:\\\/\\\/www.linkedin.com\\\/showcase\\\/hsvn-news\"]},{\"@type\":\"Person\",\"@id\":\"https:\\\/\\\/hsvnnews.se\\\/#\\\/schema\\\/person\\\/91dc4d95e848d116039223c365383f80\",\"name\":\"admin_ddtw2et4\",\"sameAs\":[\"https:\\\/\\\/hsvnnews.se\"],\"url\":\"https:\\\/\\\/hsvnnews.se\\\/en\\\/author\\\/admin_ddtw2et4\\\/\"}]}<\/script>\n<!-- \/ Yoast SEO plugin. -->","yoast_head_json":{"title":"S\u00f6dersjukhuset har \u00f6ppnat nya v\u00e5rdavdelningar -","robots":{"index":"index","follow":"follow","max-snippet":"max-snippet:-1","max-image-preview":"max-image-preview:large","max-video-preview":"max-video-preview:-1"},"canonical":"https:\/\/hsvnnews.se\/en\/sodersjukhuset-har-oppnat-nya-vardavdelningar\/","og_locale":"en_GB","og_type":"article","og_title":"S\u00f6dersjukhuset har \u00f6ppnat nya v\u00e5rdavdelningar -","og_description":"I f\u00f6rra veckan, den 27 augusti 2026, invigde S\u00f6dersjukhuset nya v\u00e5rdavdelningar. Ombyggnadsprojektet har p\u00e5g\u00e5tt sedan 2022 och resulterat i att sjukhuset \u00f6ppnar 168 enpatientrum och en ny uppdaterade teknisk utrustning. [&hellip;]","og_url":"https:\/\/hsvnnews.se\/en\/sodersjukhuset-har-oppnat-nya-vardavdelningar\/","article_published_time":"2026-08-30T11:53:24+00:00","article_modified_time":"2026-08-30T11:54:27+00:00","og_image":[{"width":1539,"height":1022,"url":"https:\/\/hsvnnews.se\/wp-content\/uploads\/2026\/08\/Invigning-sodersjukhuset_17_18.jpg","type":"image\/jpeg"}],"author":"admin_ddtw2et4","twitter_card":"summary_large_image","twitter_misc":{"Written by":"admin_ddtw2et4","Estimated reading time":"1 minute"},"schema":{"@context":"https:\/\/schema.org","@graph":[{"@type":"Article","@id":"https:\/\/hsvnnews.se\/sodersjukhuset-har-oppnat-nya-vardavdelningar\/#article","isPartOf":{"@id":"https:\/\/hsvnnews.se\/sodersjukhuset-har-oppnat-nya-vardavdelningar\/"},"author":{"name":"admin_ddtw2et4","@id":"https:\/\/hsvnnews.se\/#\/schema\/person\/91dc4d95e848d116039223c365383f80"},"headline":"S\u00f6dersjukhuset har \u00f6ppnat nya v\u00e5rdavdelningar","datePublished":"2026-08-30T11:53:24+00:00","dateModified":"2026-08-30T11:54:27+00:00","mainEntityOfPage":{"@id":"https:\/\/hsvnnews.se\/sodersjukhuset-har-oppnat-nya-vardavdelningar\/"},"wordCount":154,"publisher":{"@id":"https:\/\/hsvnnews.se\/#organization"},"image":{"@id":"https:\/\/hsvnnews.se\/sodersjukhuset-har-oppnat-nya-vardavdelningar\/#primaryimage"},"thumbnailUrl":"https:\/\/hsvnnews.se\/wp-content\/uploads\/2026\/08\/Invigning-sodersjukhuset_17_18.jpg","articleSection":["V\u00e5rdverksamheter"],"inLanguage":"en-GB"},{"@type":"WebPage","@id":"https:\/\/hsvnnews.se\/sodersjukhuset-har-oppnat-nya-vardavdelningar\/","url":"https:\/\/hsvnnews.se\/sodersjukhuset-har-oppnat-nya-vardavdelningar\/","name":"S\u00f6dersjukhuset har \u00f6ppnat nya v\u00e5rdavdelningar -","isPartOf":{"@id":"https:\/\/hsvnnews.se\/#website"},"primaryImageOfPage":{"@id":"https:\/\/hsvnnews.se\/sodersjukhuset-har-oppnat-nya-vardavdelningar\/#primaryimage"},"image":{"@id":"https:\/\/hsvnnews.se\/sodersjukhuset-har-oppnat-nya-vardavdelningar\/#primaryimage"},"thumbnailUrl":"https:\/\/hsvnnews.se\/wp-content\/uploads\/2026\/08\/Invigning-sodersjukhuset_17_18.jpg","datePublished":"2026-08-30T11:53:24+00:00","dateModified":"2026-08-30T11:54:27+00:00","breadcrumb":{"@id":"https:\/\/hsvnnews.se\/sodersjukhuset-har-oppnat-nya-vardavdelningar\/#breadcrumb"},"inLanguage":"en-GB","potentialAction":[{"@type":"ReadAction","target":["https:\/\/hsvnnews.se\/sodersjukhuset-har-oppnat-nya-vardavdelningar\/"]}]},{"@type":"ImageObject","inLanguage":"en-GB","@id":"https:\/\/hsvnnews.se\/sodersjukhuset-har-oppnat-nya-vardavdelningar\/#primaryimage","url":"https:\/\/hsvnnews.se\/wp-content\/uploads\/2026\/08\/Invigning-sodersjukhuset_17_18.jpg","contentUrl":"https:\/\/hsvnnews.se\/wp-content\/uploads\/2026\/08\/Invigning-sodersjukhuset_17_18.jpg","width":1539,"height":1022,"caption":"Invigning av nya v\u00e5rdavdelningar p\u00e5 S\u00f6dersjukhuset den 27 augusti 2026"},{"@type":"BreadcrumbList","@id":"https:\/\/hsvnnews.se\/sodersjukhuset-har-oppnat-nya-vardavdelningar\/#breadcrumb","itemListElement":[{"@type":"ListItem","position":1,"name":"Hem","item":"https:\/\/hsvnnews.se\/"},{"@type":"ListItem","position":2,"name":"S\u00f6dersjukhuset har \u00f6ppnat nya v\u00e5rdavdelningar"}]},{"@type":"WebSite","@id":"https:\/\/hsvnnews.se\/#website","url":"https:\/\/hsvnnews.se\/","name":"Nyheter och information om utveckling inom h\u00e4lso- och sjukv\u00e5rden","description":"F\u00f6r dig som utvecklar utifr\u00e5n patientbehov","publisher":{"@id":"https:\/\/hsvnnews.se\/#organization"},"potentialAction":[{"@type":"SearchAction","target":{"@type":"EntryPoint","urlTemplate":"https:\/\/hsvnnews.se\/?s={search_term_string}"},"query-input":{"@type":"PropertyValueSpecification","valueRequired":true,"valueName":"search_term_string"}}],"inLanguage":"en-GB"},{"@type":"Organization","@id":"https:\/\/hsvnnews.se\/#organization","name":"HSVN news","url":"https:\/\/hsvnnews.se\/","logo":{"@type":"ImageObject","inLanguage":"en-GB","@id":"https:\/\/hsvnnews.se\/#\/schema\/logo\/image\/","url":"https:\/\/hsvnnews.se\/wp-content\/uploads\/2026\/08\/cropped-ChatGPT-Image-31-aug.-2026-17_08_28.png","contentUrl":"https:\/\/hsvnnews.se\/wp-content\/uploads\/2026\/08\/cropped-ChatGPT-Image-31-aug.-2026-17_08_28.png","width":1982,"height":368,"caption":"HSVN news"},"image":{"@id":"https:\/\/hsvnnews.se\/#\/schema\/logo\/image\/"},"sameAs":["https:\/\/www.linkedin.com\/showcase\/hsvn-news"]},{"@type":"Person","@id":"https:\/\/hsvnnews.se\/#\/schema\/person\/91dc4d95e848d116039223c365383f80","name":"admin_ddtw2et4","sameAs":["https:\/\/hsvnnews.se"],"url":"https:\/\/hsvnnews.se\/en\/author\/admin_ddtw2et4\/"}]}},"jetpack_featured_media_url":"https:\/\/hsvnnews.se\/wp-content\/uploads\/2026\/08\/Invigning-sodersjukhuset_17_18.jpg","_links":{"self":[{"href":"https:\/\/hsvnnews.se\/en\/wp-json\/wp\/v2\/posts\/2362","targetHints":{"allow":["GET"]}}],"collection":[{"href":"https:\/\/hsvnnews.se\/en\/wp-json\/wp\/v2\/posts"}],"about":[{"href":"https:\/\/hsvnnews.se\/en\/wp-json\/wp\/v2\/types\/post"}],"author":[{"embeddable":true,"href":"https:\/\/hsvnnews.se\/en\/wp-json\/wp\/v2\/users\/1"}],"replies":[{"embeddable":true,"href":"https:\/\/hsvnnews.se\/en\/wp-json\/wp\/v2\/comments?post=2362"}],"version-history":[{"count":1,"href":"https:\/\/hsvnnews.se\/en\/wp-json\/wp\/v2\/posts\/2362\/revisions"}],"predecessor-version":[{"id":2364,"href":"https:\/\/hsvnnews.se\/en\/wp-json\/wp\/v2\/posts\/2362\/revisions\/2364"}],"wp:featuredmedia":[{"embeddable":true,"href":"https:\/\/hsvnnews.se\/en\/wp-json\/wp\/v2\/media\/2363"}],"wp:attachment":[{"href":"https:\/\/hsvnnews.se\/en\/wp-json\/wp\/v2\/media?parent=2362"}],"wp:term":[{"taxonomy":"category","embeddable":true,"href":"https:\/\/hsvnnews.se\/en\/wp-json\/wp\/v2\/categories?post=2362"},{"taxonomy":"post_tag","embeddable":true,"href":"https:\/\/hsvnnews.se\/en\/wp-json\/wp\/v2\/tags?post=2362"}],"curies":[{"name":"wp","href":"https:\/\/api.w.org\/{rel}","templated":true}]}}