{"id":2388,"date":"2026-08-30T17:09:13","date_gmt":"2026-08-30T17:09:13","guid":{"rendered":"https:\/\/hsvnnews.se\/?p=2388"},"modified":"2026-08-30T18:15:14","modified_gmt":"2026-08-30T18:15:14","slug":"valet-2026-partiernas-forslag-inom-halso-och-sjukvard","status":"publish","type":"post","link":"https:\/\/hsvnnews.se\/en\/valet-2026-partiernas-forslag-inom-halso-och-sjukvard\/","title":{"rendered":"Valet 2026 &#8211; partiernas f\u00f6rslag inom h\u00e4lso- och sjukv\u00e5rd"},"content":{"rendered":"<h2 class=\"wp-block-heading\"><\/h2>\n\n\n\n<h3 class=\"wp-block-heading\">1. V\u00e5rdk\u00f6er och v\u00e5rdgaranti<\/h3>\n\n\n\n<figure class=\"wp-block-table\"><table class=\"has-fixed-layout\"><thead><tr><th>Parti<\/th><th>F\u00f6rslag<\/th><\/tr><\/thead><tbody><tr><td><strong>S<\/strong><\/td><td>Nationella v\u00e5rdkontrakt med regionerna och s\u00e4rskild satsning p\u00e5 att korta v\u00e4ntetider inom cancerv\u00e5rden.&nbsp;<\/td><\/tr><tr><td><strong>M<\/strong><\/td><td>Korta v\u00e5rdgarantin fr\u00e5n&nbsp;90 till 30 dagar&nbsp;och inf\u00f6ra ekonomiskt ansvar f\u00f6r regioner som inte klarar garantin.&nbsp;<\/td><\/tr><tr><td><strong>SD<\/strong><\/td><td>Prioritera sjukv\u00e5rden och \u00f6ka tillg\u00e4ngligheten.&nbsp;<\/td><\/tr><tr><td><strong>V<\/strong><\/td><td>Tillg\u00e4nglig v\u00e5rd utan l\u00e5nga v\u00e4ntetider och \u00f6kade resurser till v\u00e4lf\u00e4rden.&nbsp;<\/td><\/tr><tr><td><strong>C<\/strong><\/td><td>Bygga ut prim\u00e4rv\u00e5rden och l\u00e5ta patienter s\u00f6ka specialistv\u00e5rd d\u00e4r k\u00f6n \u00e4r kortast.&nbsp;<\/td><\/tr><tr><td><strong>KD<\/strong><\/td><td>Knyta sjukv\u00e5rden n\u00e4rmare staten och skapa mer j\u00e4mlik v\u00e5rd oavsett var man bor.&nbsp;<\/td><\/tr><tr><td><strong>MP<\/strong><\/td><td>Kortare v\u00e4ntetider genom satsningar p\u00e5 v\u00e5rdens kapacitet och personal.<\/td><\/tr><tr><td><strong>L<\/strong><\/td><td>Kortare k\u00f6er och b\u00e4ttre tillg\u00e4nglighet, med v\u00e5rdcentralerna som nav.&nbsp;<\/td><\/tr><\/tbody><\/table><\/figure>\n\n\n\n<h3 class=\"wp-block-heading\">2. Vem ska styra sjukv\u00e5rden?<\/h3>\n\n\n\n<p class=\"wp-block-paragraph\">Detta \u00e4r en av&nbsp;<strong>valets st\u00f6rsta sjukv\u00e5rdspolitiska konfliktfr\u00e5gor<\/strong>.<\/p>\n\n\n\n<ul class=\"wp-block-list\">\n<li><strong>KD:<\/strong>&nbsp;vill&nbsp;avskaffa regionerna och samla ansvaret f\u00f6r sjukv\u00e5rden p\u00e5 nationell niv\u00e5. <\/li>\n\n\n\n<li><strong>SD:<\/strong>&nbsp;ett st\u00f6rre statligt ansvar f\u00f6r sjukv\u00e5rden.<\/li>\n\n\n\n<li><strong>L:<\/strong>&nbsp;vill ha en starkare nationell styrning f\u00f6r att minska skillnaderna mellan regionerna.<\/li>\n\n\n\n<li><strong>S:<\/strong>&nbsp;Vill st\u00e4rka den nationella styrningen, men inte avskaffa regionerna.<\/li>\n\n\n\n<li><strong>M:<\/strong>&nbsp;Vill \u00f6ka den nationella samordningen men beh\u00e5lla regionerna.<\/li>\n\n\n\n<li><strong>C:<\/strong>&nbsp;Vill beh\u00e5lla regionerna men ge staten ett tydligare ansvar f\u00f6r bland annat kompetensf\u00f6rs\u00f6rjningen.&nbsp;<\/li>\n\n\n\n<li><strong>V och MP:<\/strong>&nbsp;Vill framf\u00f6r allt st\u00e4rka den j\u00e4mlika och offentligt finansierade v\u00e5rden.<\/li>\n<\/ul>\n\n\n\n<hr class=\"wp-block-separator has-alpha-channel-opacity\"\/>\n\n\n\n<h3 class=\"wp-block-heading\">3. Fast l\u00e4kare<\/h3>\n\n\n\n<p class=\"wp-block-paragraph\"><strong>S, C, KD och L<\/strong>&nbsp;vill alla st\u00e4rka patientens m\u00f6jlighet att ha en fast l\u00e4karkontakt.<\/p>\n\n\n\n<hr class=\"wp-block-separator has-alpha-channel-opacity\"\/>\n\n\n\n<h3 class=\"wp-block-heading\">4. Prim\u00e4rv\u00e5rden<\/h3>\n\n\n\n<p class=\"wp-block-paragraph\"><strong>C<\/strong>&nbsp;vill bygga ut prim\u00e4rv\u00e5rden med fler v\u00e5rdcentraler och sm\u00e5 mottagningar n\u00e4ra patienterna.&nbsp;<\/p>\n\n\n\n<p class=\"wp-block-paragraph\"><strong>S<\/strong>&nbsp;vill st\u00e4rka v\u00e5rdcentralerna och g\u00f6ra dem till en viktigare del av v\u00e5rden.&nbsp;<\/p>\n\n\n\n<p class=\"wp-block-paragraph\"><strong>L<\/strong>&nbsp;vill ocks\u00e5 g\u00f6ra v\u00e5rdcentralen till navet i sjukv\u00e5rden.&nbsp;<\/p>\n\n\n\n<p class=\"wp-block-paragraph\"><strong>M<\/strong>&nbsp;vill bland annat ha fler sm\u00e5 och l\u00e4karledda mottagningar.&nbsp;<\/p>\n\n\n\n<hr class=\"wp-block-separator has-alpha-channel-opacity\"\/>\n\n\n\n<h3 class=\"wp-block-heading\">5. Privata v\u00e5rdgivare och vinster<\/h3>\n\n\n\n<p class=\"wp-block-paragraph\">S g\u00e5r till val p\u00e5 att stoppa det man beskriver som&nbsp;marknadsexperiment och gr\u00e4ddfiler.<\/p>\n\n\n\n<p class=\"wp-block-paragraph\">Privata v\u00e5rdgivare som har offentligt finansierad verksamhet ska enligt S inte samtidigt kunna l\u00e5ta patienter med privata sjukv\u00e5rdsf\u00f6rs\u00e4kringar g\u00e5 f\u00f6re. S vill ocks\u00e5 stoppa privatiseringar av akutsjukhus.&nbsp;<\/p>\n\n\n\n<p class=\"wp-block-paragraph\">V vill minska marknadsstyrningen och st\u00e4rka den offentliga v\u00e5rden.<\/p>\n\n\n\n<p class=\"wp-block-paragraph\">M, C, L och KD \u00e4r positiva till privata v\u00e5rdgivare och valfrihet som en del av l\u00f6sningen p\u00e5 v\u00e5rdk\u00f6erna.<\/p>\n\n\n\n<hr class=\"wp-block-separator has-alpha-channel-opacity\"\/>\n\n\n\n<h3 class=\"wp-block-heading\">6. V\u00e5rdpersonal<\/h3>\n\n\n\n<p class=\"wp-block-paragraph\"><strong>S:<\/strong>&nbsp;vill satsa p\u00e5 v\u00e5rdpersonalen f\u00f6r att patienterna ska f\u00e5 snabbare v\u00e5rd och mer tid med personalen.&nbsp;<\/p>\n\n\n\n<p class=\"wp-block-paragraph\"><strong>C:<\/strong>&nbsp;vill ge staten ett tydligare ansvar f\u00f6r kompetensf\u00f6rs\u00f6rjningen inom v\u00e4lf\u00e4rden.&nbsp;<\/p>\n\n\n\n<p class=\"wp-block-paragraph\"><strong>M:<\/strong>&nbsp;fokuserar bland annat p\u00e5 att anv\u00e4nda v\u00e5rdens kapacitet b\u00e4ttre.<\/p>\n\n\n\n<p class=\"wp-block-paragraph\"><strong>V:<\/strong>&nbsp;vill f\u00f6rb\u00e4ttra arbetsvillkoren och \u00f6ka resurserna till v\u00e4lf\u00e4rden.<\/p>\n\n\n\n<p class=\"wp-block-paragraph\"><strong>MP:<\/strong>&nbsp;lyfter bland annat b\u00e4ttre arbetsvillkor f\u00f6r v\u00e5rdpersonal.<\/p>\n\n\n\n<hr class=\"wp-block-separator has-alpha-channel-opacity\"\/>\n\n\n\n<h3 class=\"wp-block-heading\">7. Psykiatri och BUP<\/h3>\n\n\n\n<p class=\"wp-block-paragraph\"><strong>S<\/strong>&nbsp;vill st\u00e4rka psykiatrin, s\u00e4rskilt f\u00f6r barn och unga, och korta BUP-k\u00f6erna.&nbsp;<\/p>\n\n\n\n<p class=\"wp-block-paragraph\"><strong>M<\/strong>&nbsp;vill korta BUP-k\u00f6erna.<\/p>\n\n\n\n<p class=\"wp-block-paragraph\"><strong>L<\/strong>&nbsp;vill st\u00e4rka psykiatrin och f\u00f6rb\u00e4ttra tillg\u00e4ngligheten.&nbsp;<\/p>\n\n\n\n<p class=\"wp-block-paragraph\"><strong>V och MP<\/strong>&nbsp;vill g\u00f6ra psykiatrin mer tillg\u00e4nglig och st\u00e4rka den f\u00f6rebyggande v\u00e5rden.<\/p>\n\n\n\n<hr class=\"wp-block-separator has-alpha-channel-opacity\"\/>\n\n\n\n<h3 class=\"wp-block-heading\">8. Kvinnors h\u00e4lsa<\/h3>\n\n\n\n<p class=\"wp-block-paragraph\">S har nyligen presenterat flera konkreta f\u00f6rslag:<\/p>\n\n\n\n<ul class=\"wp-block-list\">\n<li>kommission f\u00f6r kvinnoh\u00e4lsa<\/li>\n\n\n\n<li>b\u00e4ttre endometriosv\u00e5rd<\/li>\n\n\n\n<li>b\u00e4ttre v\u00e5rd vid klimakteriebesv\u00e4r<\/li>\n\n\n\n<li>b\u00e4ttre v\u00e5rd vid f\u00f6rlossningsskador<\/li>\n\n\n\n<li>fler IVF-f\u00f6rs\u00f6k<\/li>\n\n\n\n<li>m\u00e5let&nbsp;<strong>en barnmorska per f\u00f6dande kvinna<\/strong><\/li>\n\n\n\n<li>utredning om ut\u00f6kad f\u00f6rskrivningsr\u00e4tt f\u00f6r barnmorskor.&nbsp;<\/li>\n<\/ul>\n\n\n\n<p class=\"wp-block-paragraph\">C vill bland annat f\u00f6rb\u00e4ttra v\u00e5rden f\u00f6r kvinnor genom hela livet och st\u00e4rka m\u00f6drav\u00e5rd, f\u00f6rlossningsv\u00e5rd, efterv\u00e5rd och gynekologi.&nbsp;<\/p>\n\n\n\n<hr class=\"wp-block-separator has-alpha-channel-opacity\"\/>\n\n\n\n<h3 class=\"wp-block-heading\">9. \u00c4ldres v\u00e5rd<\/h3>\n\n\n\n<p class=\"wp-block-paragraph\"><strong>S<\/strong>&nbsp;har presenterat ett st\u00f6rre reformpaket f\u00f6r \u00e4ldreomsorgen och vill st\u00e4rka v\u00e4lf\u00e4rden f\u00f6r \u00e4ldre.&nbsp;<\/p>\n\n\n\n<p class=\"wp-block-paragraph\"><strong>KD<\/strong>&nbsp;har \u00e4ldre och v\u00e5rd som centrala politikomr\u00e5den.<\/p>\n\n\n\n<p class=\"wp-block-paragraph\"><strong>M<\/strong>&nbsp;vill bland annat st\u00e4rka \u00e4ldreomsorgen och f\u00f6rb\u00e4ttra kopplingen mellan v\u00e5rd och omsorg.<\/p>\n\n\n\n<hr class=\"wp-block-separator has-alpha-channel-opacity\"\/>\n\n\n\n<h3 class=\"wp-block-heading\">10. AI, digitalisering och v\u00e4lf\u00e4rdsteknik<\/h3>\n\n\n\n<p class=\"wp-block-paragraph\">Partierna \u00e4r i huvudsak positiva till digitalisering, men skiljer sig \u00e5t n\u00e4r det g\u00e4ller&nbsp;<strong>h<\/strong>ur staten ska styra utvecklingen och hur tekniken ska anv\u00e4ndas.<\/p>\n\n\n\n<p class=\"wp-block-paragraph\">Exempelvis vill C anv\u00e4nda digitala verktyg b\u00e5de f\u00f6r f\u00f6rebyggande v\u00e5rd och egenv\u00e5rd och samtidigt utveckla 1177 som verktyg f\u00f6r att j\u00e4mf\u00f6ra v\u00e5rdk\u00f6er och kvalitet.&nbsp;<\/p>\n\n\n\n<hr class=\"wp-block-separator has-alpha-channel-opacity\"\/>\n\n\n\n<h3 class=\"wp-block-heading\">11. Cancer<\/h3>\n\n\n\n<p class=\"wp-block-paragraph\"><strong>S<\/strong>&nbsp;vill g\u00f6ra en s\u00e4rskild kraftsamling mot v\u00e4ntetiderna inom cancerv\u00e5rden.&nbsp;<\/p>\n\n\n\n<hr class=\"wp-block-separator has-alpha-channel-opacity\"\/>\n\n\n\n<h3 class=\"wp-block-heading\">12. Tandv\u00e5rd<\/h3>\n\n\n\n<p class=\"wp-block-paragraph\">H\u00e4r \u00e4r den stora skiljelinjen&nbsp;hur mycket tandv\u00e5rden ska n\u00e4rma sig den vanliga sjukv\u00e5rdens h\u00f6gkostnadsskydd och finansiering.<\/p>\n\n\n\n<h3 class=\"wp-block-heading\">13. Patienternas r\u00e4ttigheter<\/h3>\n\n\n\n<p class=\"wp-block-paragraph\"><strong>S:<\/strong>&nbsp;v\u00e5rd efter behov \u2013 inte efter pl\u00e5nbok.&nbsp;<\/p>\n\n\n\n<p class=\"wp-block-paragraph\"><strong>C:<\/strong>&nbsp;st\u00f6rre m\u00f6jlighet att sj\u00e4lv v\u00e4lja v\u00e5rdgivare och s\u00f6ka v\u00e5rd d\u00e4r k\u00f6n \u00e4r kortast.&nbsp;<\/p>\n\n\n\n<p class=\"wp-block-paragraph\"><strong>M:<\/strong>&nbsp;st\u00e4rkt v\u00e5rdgaranti och m\u00f6jlighet att f\u00e5 v\u00e5rd hos annan v\u00e5rdgivare om regionen inte klarar tidsgr\u00e4nsen.&nbsp;<\/p>\n\n\n\n<hr class=\"wp-block-separator has-alpha-channel-opacity\"\/>\n\n\n\n<h3 class=\"wp-block-heading\">14. J\u00e4mlik v\u00e5rd<\/h3>\n\n\n\n<p class=\"wp-block-paragraph\"><strong>S:<\/strong>&nbsp;behov ska avg\u00f6ra, inte betalningsf\u00f6rm\u00e5ga.&nbsp;<\/p>\n\n\n\n<p class=\"wp-block-paragraph\"><strong>KD:<\/strong>&nbsp;vill minska skillnaderna mellan regionerna genom ett nationellt ansvar.&nbsp;<\/p>\n\n\n\n<p class=\"wp-block-paragraph\"><strong>C:<\/strong>&nbsp;vill att v\u00e5rd ska vara tillg\u00e4nglig oavsett var man bor.&nbsp;<\/p>\n\n\n\n<p class=\"wp-block-paragraph\"><strong>SD:<\/strong>&nbsp;betonar att sjukv\u00e5rden ska prioriteras och att skattepengarna ska anv\u00e4ndas till k\u00e4rnverksamheten.&nbsp;<\/p>","protected":false},"excerpt":{"rendered":"<p>1. V\u00e5rdk\u00f6er och v\u00e5rdgaranti Parti F\u00f6rslag S Nationella v\u00e5rdkontrakt med regionerna och s\u00e4rskild satsning p\u00e5 att korta v\u00e4ntetider inom cancerv\u00e5rden.&nbsp; M Korta v\u00e5rdgarantin fr\u00e5n&nbsp;90 till 30 dagar&nbsp;och inf\u00f6ra ekonomiskt ansvar [&hellip;]<\/p>\n","protected":false},"author":1,"featured_media":2394,"comment_status":"closed","ping_status":"open","sticky":false,"template":"","format":"standard","meta":{"footnotes":""},"categories":[85],"tags":[],"class_list":["post-2388","post","type-post","status-publish","format-standard","has-post-thumbnail","hentry","category-vardpolitik"],"yoast_head":"<!-- This site is optimized with the Yoast SEO plugin v28.4 - https:\/\/yoast.com\/product\/yoast-seo-wordpress\/ -->\n<title>Valet 2026 - partiernas f\u00f6rslag inom h\u00e4lso- och sjukv\u00e5rd -<\/title>\n<meta name=\"robots\" content=\"index, follow, max-snippet:-1, max-image-preview:large, max-video-preview:-1\" \/>\n<link rel=\"canonical\" href=\"https:\/\/hsvnnews.se\/en\/valet-2026-partiernas-forslag-inom-halso-och-sjukvard\/\" \/>\n<meta property=\"og:locale\" content=\"en_GB\" \/>\n<meta property=\"og:type\" content=\"article\" \/>\n<meta property=\"og:title\" content=\"Valet 2026 - partiernas f\u00f6rslag inom h\u00e4lso- och sjukv\u00e5rd -\" \/>\n<meta property=\"og:description\" content=\"1. V\u00e5rdk\u00f6er och v\u00e5rdgaranti Parti F\u00f6rslag S Nationella v\u00e5rdkontrakt med regionerna och s\u00e4rskild satsning p\u00e5 att korta v\u00e4ntetider inom cancerv\u00e5rden.&nbsp; M Korta v\u00e5rdgarantin fr\u00e5n&nbsp;90 till 30 dagar&nbsp;och inf\u00f6ra ekonomiskt ansvar [&hellip;]\" \/>\n<meta property=\"og:url\" content=\"https:\/\/hsvnnews.se\/en\/valet-2026-partiernas-forslag-inom-halso-och-sjukvard\/\" \/>\n<meta property=\"article:published_time\" content=\"2026-08-30T17:09:13+00:00\" \/>\n<meta property=\"article:modified_time\" content=\"2026-08-30T18:15:14+00:00\" \/>\n<meta property=\"og:image\" content=\"https:\/\/hsvnnews.se\/wp-content\/uploads\/2026\/08\/Val-2026-foto-Fialotta-Bratt.jpeg\" \/>\n\t<meta property=\"og:image:width\" content=\"1050\" \/>\n\t<meta property=\"og:image:height\" content=\"559\" \/>\n\t<meta property=\"og:image:type\" content=\"image\/jpeg\" \/>\n<meta name=\"author\" content=\"admin_ddtw2et4\" \/>\n<meta name=\"twitter:card\" content=\"summary_large_image\" \/>\n<meta name=\"twitter:label1\" content=\"Written by\" \/>\n\t<meta name=\"twitter:data1\" content=\"admin_ddtw2et4\" \/>\n\t<meta name=\"twitter:label2\" content=\"Estimated reading time\" \/>\n\t<meta name=\"twitter:data2\" content=\"4 minutes\" \/>\n<script type=\"application\/ld+json\" class=\"yoast-schema-graph\">{\"@context\":\"https:\\\/\\\/schema.org\",\"@graph\":[{\"@type\":\"Article\",\"@id\":\"https:\\\/\\\/hsvnnews.se\\\/valet-2026-partiernas-forslag-inom-halso-och-sjukvard\\\/#article\",\"isPartOf\":{\"@id\":\"https:\\\/\\\/hsvnnews.se\\\/valet-2026-partiernas-forslag-inom-halso-och-sjukvard\\\/\"},\"author\":{\"name\":\"admin_ddtw2et4\",\"@id\":\"https:\\\/\\\/hsvnnews.se\\\/#\\\/schema\\\/person\\\/91dc4d95e848d116039223c365383f80\"},\"headline\":\"Valet 2026 &#8211; partiernas f\u00f6rslag inom h\u00e4lso- och sjukv\u00e5rd\",\"datePublished\":\"2026-08-30T17:09:13+00:00\",\"dateModified\":\"2026-08-30T18:15:14+00:00\",\"mainEntityOfPage\":{\"@id\":\"https:\\\/\\\/hsvnnews.se\\\/valet-2026-partiernas-forslag-inom-halso-och-sjukvard\\\/\"},\"wordCount\":972,\"publisher\":{\"@id\":\"https:\\\/\\\/hsvnnews.se\\\/#organization\"},\"image\":{\"@id\":\"https:\\\/\\\/hsvnnews.se\\\/valet-2026-partiernas-forslag-inom-halso-och-sjukvard\\\/#primaryimage\"},\"thumbnailUrl\":\"https:\\\/\\\/hsvnnews.se\\\/wp-content\\\/uploads\\\/2026\\\/08\\\/Val-2026-foto-Fialotta-Bratt.jpeg\",\"articleSection\":[\"V\u00e5rdpolitik\"],\"inLanguage\":\"en-GB\"},{\"@type\":\"WebPage\",\"@id\":\"https:\\\/\\\/hsvnnews.se\\\/valet-2026-partiernas-forslag-inom-halso-och-sjukvard\\\/\",\"url\":\"https:\\\/\\\/hsvnnews.se\\\/valet-2026-partiernas-forslag-inom-halso-och-sjukvard\\\/\",\"name\":\"Valet 2026 - partiernas f\u00f6rslag inom h\u00e4lso- och sjukv\u00e5rd -\",\"isPartOf\":{\"@id\":\"https:\\\/\\\/hsvnnews.se\\\/#website\"},\"primaryImageOfPage\":{\"@id\":\"https:\\\/\\\/hsvnnews.se\\\/valet-2026-partiernas-forslag-inom-halso-och-sjukvard\\\/#primaryimage\"},\"image\":{\"@id\":\"https:\\\/\\\/hsvnnews.se\\\/valet-2026-partiernas-forslag-inom-halso-och-sjukvard\\\/#primaryimage\"},\"thumbnailUrl\":\"https:\\\/\\\/hsvnnews.se\\\/wp-content\\\/uploads\\\/2026\\\/08\\\/Val-2026-foto-Fialotta-Bratt.jpeg\",\"datePublished\":\"2026-08-30T17:09:13+00:00\",\"dateModified\":\"2026-08-30T18:15:14+00:00\",\"breadcrumb\":{\"@id\":\"https:\\\/\\\/hsvnnews.se\\\/valet-2026-partiernas-forslag-inom-halso-och-sjukvard\\\/#breadcrumb\"},\"inLanguage\":\"en-GB\",\"potentialAction\":[{\"@type\":\"ReadAction\",\"target\":[\"https:\\\/\\\/hsvnnews.se\\\/valet-2026-partiernas-forslag-inom-halso-och-sjukvard\\\/\"]}]},{\"@type\":\"ImageObject\",\"inLanguage\":\"en-GB\",\"@id\":\"https:\\\/\\\/hsvnnews.se\\\/valet-2026-partiernas-forslag-inom-halso-och-sjukvard\\\/#primaryimage\",\"url\":\"https:\\\/\\\/hsvnnews.se\\\/wp-content\\\/uploads\\\/2026\\\/08\\\/Val-2026-foto-Fialotta-Bratt.jpeg\",\"contentUrl\":\"https:\\\/\\\/hsvnnews.se\\\/wp-content\\\/uploads\\\/2026\\\/08\\\/Val-2026-foto-Fialotta-Bratt.jpeg\",\"width\":1050,\"height\":559,\"caption\":\"Val 2026 foto- Fialotta Bratt\"},{\"@type\":\"BreadcrumbList\",\"@id\":\"https:\\\/\\\/hsvnnews.se\\\/valet-2026-partiernas-forslag-inom-halso-och-sjukvard\\\/#breadcrumb\",\"itemListElement\":[{\"@type\":\"ListItem\",\"position\":1,\"name\":\"Hem\",\"item\":\"https:\\\/\\\/hsvnnews.se\\\/\"},{\"@type\":\"ListItem\",\"position\":2,\"name\":\"Valet 2026 &#8211; partiernas f\u00f6rslag inom h\u00e4lso- och sjukv\u00e5rd\"}]},{\"@type\":\"WebSite\",\"@id\":\"https:\\\/\\\/hsvnnews.se\\\/#website\",\"url\":\"https:\\\/\\\/hsvnnews.se\\\/\",\"name\":\"Nyheter och information om utveckling inom h\u00e4lso- och sjukv\u00e5rden\",\"description\":\"F\u00f6r dig som utvecklar utifr\u00e5n patientbehov\",\"publisher\":{\"@id\":\"https:\\\/\\\/hsvnnews.se\\\/#organization\"},\"potentialAction\":[{\"@type\":\"SearchAction\",\"target\":{\"@type\":\"EntryPoint\",\"urlTemplate\":\"https:\\\/\\\/hsvnnews.se\\\/?s={search_term_string}\"},\"query-input\":{\"@type\":\"PropertyValueSpecification\",\"valueRequired\":true,\"valueName\":\"search_term_string\"}}],\"inLanguage\":\"en-GB\"},{\"@type\":\"Organization\",\"@id\":\"https:\\\/\\\/hsvnnews.se\\\/#organization\",\"name\":\"HSVN news\",\"url\":\"https:\\\/\\\/hsvnnews.se\\\/\",\"logo\":{\"@type\":\"ImageObject\",\"inLanguage\":\"en-GB\",\"@id\":\"https:\\\/\\\/hsvnnews.se\\\/#\\\/schema\\\/logo\\\/image\\\/\",\"url\":\"https:\\\/\\\/hsvnnews.se\\\/wp-content\\\/uploads\\\/2026\\\/08\\\/cropped-ChatGPT-Image-31-aug.-2026-17_08_28.png\",\"contentUrl\":\"https:\\\/\\\/hsvnnews.se\\\/wp-content\\\/uploads\\\/2026\\\/08\\\/cropped-ChatGPT-Image-31-aug.-2026-17_08_28.png\",\"width\":1982,\"height\":368,\"caption\":\"HSVN news\"},\"image\":{\"@id\":\"https:\\\/\\\/hsvnnews.se\\\/#\\\/schema\\\/logo\\\/image\\\/\"},\"sameAs\":[\"https:\\\/\\\/www.linkedin.com\\\/showcase\\\/hsvn-news\"]},{\"@type\":\"Person\",\"@id\":\"https:\\\/\\\/hsvnnews.se\\\/#\\\/schema\\\/person\\\/91dc4d95e848d116039223c365383f80\",\"name\":\"admin_ddtw2et4\",\"sameAs\":[\"https:\\\/\\\/hsvnnews.se\"],\"url\":\"https:\\\/\\\/hsvnnews.se\\\/en\\\/author\\\/admin_ddtw2et4\\\/\"}]}<\/script>\n<!-- \/ Yoast SEO plugin. -->","yoast_head_json":{"title":"Valet 2026 - partiernas f\u00f6rslag inom h\u00e4lso- och sjukv\u00e5rd -","robots":{"index":"index","follow":"follow","max-snippet":"max-snippet:-1","max-image-preview":"max-image-preview:large","max-video-preview":"max-video-preview:-1"},"canonical":"https:\/\/hsvnnews.se\/en\/valet-2026-partiernas-forslag-inom-halso-och-sjukvard\/","og_locale":"en_GB","og_type":"article","og_title":"Valet 2026 - partiernas f\u00f6rslag inom h\u00e4lso- och sjukv\u00e5rd -","og_description":"1. V\u00e5rdk\u00f6er och v\u00e5rdgaranti Parti F\u00f6rslag S Nationella v\u00e5rdkontrakt med regionerna och s\u00e4rskild satsning p\u00e5 att korta v\u00e4ntetider inom cancerv\u00e5rden.&nbsp; M Korta v\u00e5rdgarantin fr\u00e5n&nbsp;90 till 30 dagar&nbsp;och inf\u00f6ra ekonomiskt ansvar [&hellip;]","og_url":"https:\/\/hsvnnews.se\/en\/valet-2026-partiernas-forslag-inom-halso-och-sjukvard\/","article_published_time":"2026-08-30T17:09:13+00:00","article_modified_time":"2026-08-30T18:15:14+00:00","og_image":[{"width":1050,"height":559,"url":"https:\/\/hsvnnews.se\/wp-content\/uploads\/2026\/08\/Val-2026-foto-Fialotta-Bratt.jpeg","type":"image\/jpeg"}],"author":"admin_ddtw2et4","twitter_card":"summary_large_image","twitter_misc":{"Written by":"admin_ddtw2et4","Estimated reading time":"4 minutes"},"schema":{"@context":"https:\/\/schema.org","@graph":[{"@type":"Article","@id":"https:\/\/hsvnnews.se\/valet-2026-partiernas-forslag-inom-halso-och-sjukvard\/#article","isPartOf":{"@id":"https:\/\/hsvnnews.se\/valet-2026-partiernas-forslag-inom-halso-och-sjukvard\/"},"author":{"name":"admin_ddtw2et4","@id":"https:\/\/hsvnnews.se\/#\/schema\/person\/91dc4d95e848d116039223c365383f80"},"headline":"Valet 2026 &#8211; partiernas f\u00f6rslag inom h\u00e4lso- och sjukv\u00e5rd","datePublished":"2026-08-30T17:09:13+00:00","dateModified":"2026-08-30T18:15:14+00:00","mainEntityOfPage":{"@id":"https:\/\/hsvnnews.se\/valet-2026-partiernas-forslag-inom-halso-och-sjukvard\/"},"wordCount":972,"publisher":{"@id":"https:\/\/hsvnnews.se\/#organization"},"image":{"@id":"https:\/\/hsvnnews.se\/valet-2026-partiernas-forslag-inom-halso-och-sjukvard\/#primaryimage"},"thumbnailUrl":"https:\/\/hsvnnews.se\/wp-content\/uploads\/2026\/08\/Val-2026-foto-Fialotta-Bratt.jpeg","articleSection":["V\u00e5rdpolitik"],"inLanguage":"en-GB"},{"@type":"WebPage","@id":"https:\/\/hsvnnews.se\/valet-2026-partiernas-forslag-inom-halso-och-sjukvard\/","url":"https:\/\/hsvnnews.se\/valet-2026-partiernas-forslag-inom-halso-och-sjukvard\/","name":"Valet 2026 - partiernas f\u00f6rslag inom h\u00e4lso- och sjukv\u00e5rd -","isPartOf":{"@id":"https:\/\/hsvnnews.se\/#website"},"primaryImageOfPage":{"@id":"https:\/\/hsvnnews.se\/valet-2026-partiernas-forslag-inom-halso-och-sjukvard\/#primaryimage"},"image":{"@id":"https:\/\/hsvnnews.se\/valet-2026-partiernas-forslag-inom-halso-och-sjukvard\/#primaryimage"},"thumbnailUrl":"https:\/\/hsvnnews.se\/wp-content\/uploads\/2026\/08\/Val-2026-foto-Fialotta-Bratt.jpeg","datePublished":"2026-08-30T17:09:13+00:00","dateModified":"2026-08-30T18:15:14+00:00","breadcrumb":{"@id":"https:\/\/hsvnnews.se\/valet-2026-partiernas-forslag-inom-halso-och-sjukvard\/#breadcrumb"},"inLanguage":"en-GB","potentialAction":[{"@type":"ReadAction","target":["https:\/\/hsvnnews.se\/valet-2026-partiernas-forslag-inom-halso-och-sjukvard\/"]}]},{"@type":"ImageObject","inLanguage":"en-GB","@id":"https:\/\/hsvnnews.se\/valet-2026-partiernas-forslag-inom-halso-och-sjukvard\/#primaryimage","url":"https:\/\/hsvnnews.se\/wp-content\/uploads\/2026\/08\/Val-2026-foto-Fialotta-Bratt.jpeg","contentUrl":"https:\/\/hsvnnews.se\/wp-content\/uploads\/2026\/08\/Val-2026-foto-Fialotta-Bratt.jpeg","width":1050,"height":559,"caption":"Val 2026 foto- Fialotta Bratt"},{"@type":"BreadcrumbList","@id":"https:\/\/hsvnnews.se\/valet-2026-partiernas-forslag-inom-halso-och-sjukvard\/#breadcrumb","itemListElement":[{"@type":"ListItem","position":1,"name":"Hem","item":"https:\/\/hsvnnews.se\/"},{"@type":"ListItem","position":2,"name":"Valet 2026 &#8211; partiernas f\u00f6rslag inom h\u00e4lso- och sjukv\u00e5rd"}]},{"@type":"WebSite","@id":"https:\/\/hsvnnews.se\/#website","url":"https:\/\/hsvnnews.se\/","name":"Nyheter och information om utveckling inom h\u00e4lso- och sjukv\u00e5rden","description":"F\u00f6r dig som utvecklar utifr\u00e5n patientbehov","publisher":{"@id":"https:\/\/hsvnnews.se\/#organization"},"potentialAction":[{"@type":"SearchAction","target":{"@type":"EntryPoint","urlTemplate":"https:\/\/hsvnnews.se\/?s={search_term_string}"},"query-input":{"@type":"PropertyValueSpecification","valueRequired":true,"valueName":"search_term_string"}}],"inLanguage":"en-GB"},{"@type":"Organization","@id":"https:\/\/hsvnnews.se\/#organization","name":"HSVN news","url":"https:\/\/hsvnnews.se\/","logo":{"@type":"ImageObject","inLanguage":"en-GB","@id":"https:\/\/hsvnnews.se\/#\/schema\/logo\/image\/","url":"https:\/\/hsvnnews.se\/wp-content\/uploads\/2026\/08\/cropped-ChatGPT-Image-31-aug.-2026-17_08_28.png","contentUrl":"https:\/\/hsvnnews.se\/wp-content\/uploads\/2026\/08\/cropped-ChatGPT-Image-31-aug.-2026-17_08_28.png","width":1982,"height":368,"caption":"HSVN news"},"image":{"@id":"https:\/\/hsvnnews.se\/#\/schema\/logo\/image\/"},"sameAs":["https:\/\/www.linkedin.com\/showcase\/hsvn-news"]},{"@type":"Person","@id":"https:\/\/hsvnnews.se\/#\/schema\/person\/91dc4d95e848d116039223c365383f80","name":"admin_ddtw2et4","sameAs":["https:\/\/hsvnnews.se"],"url":"https:\/\/hsvnnews.se\/en\/author\/admin_ddtw2et4\/"}]}},"jetpack_featured_media_url":"https:\/\/hsvnnews.se\/wp-content\/uploads\/2026\/08\/Val-2026-foto-Fialotta-Bratt.jpeg","_links":{"self":[{"href":"https:\/\/hsvnnews.se\/en\/wp-json\/wp\/v2\/posts\/2388","targetHints":{"allow":["GET"]}}],"collection":[{"href":"https:\/\/hsvnnews.se\/en\/wp-json\/wp\/v2\/posts"}],"about":[{"href":"https:\/\/hsvnnews.se\/en\/wp-json\/wp\/v2\/types\/post"}],"author":[{"embeddable":true,"href":"https:\/\/hsvnnews.se\/en\/wp-json\/wp\/v2\/users\/1"}],"replies":[{"embeddable":true,"href":"https:\/\/hsvnnews.se\/en\/wp-json\/wp\/v2\/comments?post=2388"}],"version-history":[{"count":6,"href":"https:\/\/hsvnnews.se\/en\/wp-json\/wp\/v2\/posts\/2388\/revisions"}],"predecessor-version":[{"id":2403,"href":"https:\/\/hsvnnews.se\/en\/wp-json\/wp\/v2\/posts\/2388\/revisions\/2403"}],"wp:featuredmedia":[{"embeddable":true,"href":"https:\/\/hsvnnews.se\/en\/wp-json\/wp\/v2\/media\/2394"}],"wp:attachment":[{"href":"https:\/\/hsvnnews.se\/en\/wp-json\/wp\/v2\/media?parent=2388"}],"wp:term":[{"taxonomy":"category","embeddable":true,"href":"https:\/\/hsvnnews.se\/en\/wp-json\/wp\/v2\/categories?post=2388"},{"taxonomy":"post_tag","embeddable":true,"href":"https:\/\/hsvnnews.se\/en\/wp-json\/wp\/v2\/tags?post=2388"}],"curies":[{"name":"wp","href":"https:\/\/api.w.org\/{rel}","templated":true}]}}